{"id":896,"date":"2007-03-02T20:55:44","date_gmt":"2007-03-02T19:55:44","guid":{"rendered":"http:\/\/tnt.tn.ohost.de\/?p=896"},"modified":"2008-09-02T00:00:25","modified_gmt":"2008-09-01T22:00:25","slug":"lichtenstein-schweiz","status":"publish","type":"post","link":"https:\/\/ostblog.tk\/?p=896","title":{"rendered":"<strike>Lichtenstein<\/strike> Schweiz"},"content":{"rendered":"<p><span style=\"padding-right:10px;  float:left;\"><img loading=\"lazy\" decoding=\"async\" src=\"\/temp\/ls-schweiz.jpg\" width=\"109\" height=\"124\" alt=\"\" \/><\/span>Da haben sich die ach so neutralen Schweizer letzte Nacht wohl ein Beispiel an Deutschland (vor einigen Jahrzehnten) nehmen wollen *hust*<\/p>\n<p>Die Schweizer Armee ist bei einer n\u00e4chtlichen \u00c3\u0153bung aus Versehen in Liechtenstein einmarschiert. Das Wetter sei bei der Nacht\u00fcbung so schlecht gewesen, dass der Kommandeur sich mit seiner Truppe in den Alpen verlaufen habe, gab ein Milit\u00e4rsprecher am Freitag zu. Die 170 bewaffneten Soldaten seien in der Nacht zum Donnerstag von ihrer Marschroute abgekommen und einige Kilometer weit in Liechtensteiner Staatsgebiet vorgedrungen. Es sei einfach zu dunkel gewesen, sagte ein Soldat der Schweizer Zeitung &#8222;Blick&#8220;. [<a target=\"_blank\" href=\"http:\/\/de.news.yahoo.com\/02032007\/286\/kurzberichte-schweizer-armee-marschiert-versehentlich-liechtenstein.html\">news.yahoo.com<\/a>]<\/p>\n<p style=\"clear:left\">\n<p>Nun ich denke die 170 Mann h\u00e4tten sicher ausgreicht, um das schweizer Hoheitsgebiet zu vergr\u00f6\u00dfern \ud83d\ude44<\/p>\n","protected":false},"excerpt":{"rendered":"<p>Da haben sich die ach so neutralen Schweizer letzte Nacht wohl ein Beispiel an Deutschland (vor einigen Jahrzehnten) nehmen wollen *hust* Die Schweizer Armee ist bei einer n\u00e4chtlichen \u00c3\u0153bung aus Versehen in Liechtenstein einmarschiert. Das Wetter sei bei der Nacht\u00fcbung so schlecht gewesen, dass der Kommandeur sich mit seiner Truppe in den Alpen verlaufen habe, [&hellip;]<\/p>\n","protected":false},"author":1,"featured_media":0,"comment_status":"open","ping_status":"closed","sticky":false,"template":"","format":"standard","meta":{"footnotes":""},"categories":[4],"tags":[],"class_list":["post-896","post","type-post","status-publish","format-standard","hentry","category-da-musste-ich-lachen"],"_links":{"self":[{"href":"https:\/\/ostblog.tk\/index.php?rest_route=\/wp\/v2\/posts\/896","targetHints":{"allow":["GET"]}}],"collection":[{"href":"https:\/\/ostblog.tk\/index.php?rest_route=\/wp\/v2\/posts"}],"about":[{"href":"https:\/\/ostblog.tk\/index.php?rest_route=\/wp\/v2\/types\/post"}],"author":[{"embeddable":true,"href":"https:\/\/ostblog.tk\/index.php?rest_route=\/wp\/v2\/users\/1"}],"replies":[{"embeddable":true,"href":"https:\/\/ostblog.tk\/index.php?rest_route=%2Fwp%2Fv2%2Fcomments&post=896"}],"version-history":[{"count":1,"href":"https:\/\/ostblog.tk\/index.php?rest_route=\/wp\/v2\/posts\/896\/revisions"}],"predecessor-version":[{"id":1373,"href":"https:\/\/ostblog.tk\/index.php?rest_route=\/wp\/v2\/posts\/896\/revisions\/1373"}],"wp:attachment":[{"href":"https:\/\/ostblog.tk\/index.php?rest_route=%2Fwp%2Fv2%2Fmedia&parent=896"}],"wp:term":[{"taxonomy":"category","embeddable":true,"href":"https:\/\/ostblog.tk\/index.php?rest_route=%2Fwp%2Fv2%2Fcategories&post=896"},{"taxonomy":"post_tag","embeddable":true,"href":"https:\/\/ostblog.tk\/index.php?rest_route=%2Fwp%2Fv2%2Ftags&post=896"}],"curies":[{"name":"wp","href":"https:\/\/api.w.org\/{rel}","templated":true}]}}