{"id":64,"date":"2005-03-23T17:10:40","date_gmt":"2005-03-23T15:10:40","guid":{"rendered":"http:\/\/tnt.tn.ohost.de\/?p=64"},"modified":"2005-04-26T18:41:11","modified_gmt":"2005-04-26T16:41:11","slug":"64","status":"publish","type":"post","link":"https:\/\/ostblog.tk\/?p=64","title":{"rendered":"Schluss mit Lustig!"},"content":{"rendered":"<p>Peter Lustig wird mit seiner Kindersendung &#8218;L\u00f6wenzahn&#8216; aufh\u00f6ren. Der 67-J\u00e4hrige will sich seinen Hobbys widmen und zieht sich nach 25 Jahren &#8218;L\u00f6wenzahn&#8216; zur\u00fcck. <\/p>\n<p><a href=\"\/temp\/loewenza2.jpg\" onclick=\"window.open('\/temp\/loewenza2.jpg','popup','width=162,height=195,scrollbars=no,resizable=yes,toolbar=no,directories=no,location=no,menubar=no,status=no,left=0,top=0'); return false\"><img loading=\"lazy\" decoding=\"async\" src=\"\/temp\/loewenza.jpg\" border=\"0\" alt=\"image\" name=\"image\" width=\"105\" height=\"116\" \/><\/a><\/p>\n<p>Zum Ende der Serie wird es ein &#8218;L\u00f6wenzahn&#8216;-Spezial geben, mit dem 70-min\u00fctigen Film &#8218;Die Reise ins Abenteuer&#8216;. Au\u00dferdem wird am 15. und am 16. Oktober eine &#8218;L\u00f6wenzahn-Nacht&#8216; ausgestrahlt. Das ZDF wird nach den Worten der zust\u00e4ndigen Redaktionsleiterin Barbara Biermann das Konzept von &#8222;L\u00f6wenzahn&#8220; fortsetzen und ist derzeit auf der Suche nach einem geeigneten Nachfolger, der in den Bauwagen in B\u00e4rstadt einziehen soll.<\/p>\n<p><i>Schade schade, aber wohl scheinbar nicht das Ende f\u00fcr L\u00f6wenzahn. Auch wenn ichs nur selten sehe, w\u00e4rs doch schade drum.<\/i><\/p>\n<p><a target=\"_blank\" href=\"http:\/\/www.express.de\/servlet\/Satellite?pagename=XP\/index&#038;pageid=1004979498952&#038;rubrik=220&#038;artikelid=1108567103359\" title=\"Quelle\">Quelle<\/a><\/p>\n","protected":false},"excerpt":{"rendered":"<p>Peter Lustig wird mit seiner Kindersendung &#8218;L\u00f6wenzahn&#8216; aufh\u00f6ren. Der 67-J\u00e4hrige will sich seinen Hobbys widmen und zieht sich nach 25 Jahren &#8218;L\u00f6wenzahn&#8216; zur\u00fcck. Zum Ende der Serie wird es ein &#8218;L\u00f6wenzahn&#8216;-Spezial geben, mit dem 70-min\u00fctigen Film &#8218;Die Reise ins Abenteuer&#8216;. Au\u00dferdem wird am 15. und am 16. Oktober eine &#8218;L\u00f6wenzahn-Nacht&#8216; ausgestrahlt. Das ZDF wird nach [&hellip;]<\/p>\n","protected":false},"author":1,"featured_media":0,"comment_status":"open","ping_status":"closed","sticky":false,"template":"","format":"standard","meta":{"footnotes":""},"categories":[1],"tags":[],"class_list":["post-64","post","type-post","status-publish","format-standard","hentry","category-unsortiert"],"_links":{"self":[{"href":"https:\/\/ostblog.tk\/index.php?rest_route=\/wp\/v2\/posts\/64","targetHints":{"allow":["GET"]}}],"collection":[{"href":"https:\/\/ostblog.tk\/index.php?rest_route=\/wp\/v2\/posts"}],"about":[{"href":"https:\/\/ostblog.tk\/index.php?rest_route=\/wp\/v2\/types\/post"}],"author":[{"embeddable":true,"href":"https:\/\/ostblog.tk\/index.php?rest_route=\/wp\/v2\/users\/1"}],"replies":[{"embeddable":true,"href":"https:\/\/ostblog.tk\/index.php?rest_route=%2Fwp%2Fv2%2Fcomments&post=64"}],"version-history":[{"count":0,"href":"https:\/\/ostblog.tk\/index.php?rest_route=\/wp\/v2\/posts\/64\/revisions"}],"wp:attachment":[{"href":"https:\/\/ostblog.tk\/index.php?rest_route=%2Fwp%2Fv2%2Fmedia&parent=64"}],"wp:term":[{"taxonomy":"category","embeddable":true,"href":"https:\/\/ostblog.tk\/index.php?rest_route=%2Fwp%2Fv2%2Fcategories&post=64"},{"taxonomy":"post_tag","embeddable":true,"href":"https:\/\/ostblog.tk\/index.php?rest_route=%2Fwp%2Fv2%2Ftags&post=64"}],"curies":[{"name":"wp","href":"https:\/\/api.w.org\/{rel}","templated":true}]}}