{"id":274,"date":"2005-07-06T21:44:55","date_gmt":"2005-07-06T19:44:55","guid":{"rendered":"http:\/\/tnt.tn.ohost.de\/?p=274"},"modified":"2005-07-06T21:45:34","modified_gmt":"2005-07-06T19:45:34","slug":"ich-hab-die-unschuld-kotzen-sehen","status":"publish","type":"post","link":"https:\/\/ostblog.tk\/?p=274","title":{"rendered":"Ich hab die Unschuld kotzen sehen"},"content":{"rendered":"<p><span style=\"padding-right:10px;  float:left;\"><img loading=\"lazy\" decoding=\"async\" src=\"\/temp\/unschuldk.jpg\" width=\"100\" height=\"150\" alt=\"\" \/><\/span>Ich habe gerade \u00fcber o.g. Buch gelesen und bin jetzt interessiert. Da ich wei\u00df, dass mein Lieblingsblogleser &#8222;kosteng\u00fcnstig&#8220; an Literatur kommt, w\u00e4re es lieb, wenn er es mir besorgen k\u00f6nnte. Ich habe doch schlie\u00dflich am 2.8. Geburtstag \ud83d\ude06 Es scheint irgendwie momentan in aller Munde, wei\u00df zwar nicht warum, aber ich m\u00f6chte mitreden k\u00f6nnen *gg*<\/p>\n<p>Zitat: &#8222;Guten Tag, die Welt liegt in Tr\u00fcmmern. Ich sammle sie auf. Errichte daraus neue Geb\u00e4ude. Konstruiere neue St\u00e4dte. Kann man wohnen drin. Oder weitr\u00e4umig umfahren.&#8220;<br \/>\nSo begr\u00fc\u00dft einen dieses St\u00fcck Literatur, bevor es einen hinabrei\u00dft in die Abgr\u00fcnde einer Welt, die in uns etwas zum Klingen bringt, denn sie ist uns sehr vertraut. Es ist unsere Welt! Wenn man Bernemanns Buch liest, kommt es einem vor, als h\u00e4tte man uns endlich die rosa Brille abgenommen, ja vom Kopf gepr\u00fcgelt. In einer poetischen Klarheit zelebriert er ein Massaker des Leben, dass fasziniert, um gleichzeitig abzusto\u00dfen.&#8220; [<a target=\"_blank\" href=\"http:\/\/www.ubooksshop.de\/pd790151295.htm?categoryId=13\">ubooks.com<\/a>]<\/p>\n<p style=\"clear:left\">\n","protected":false},"excerpt":{"rendered":"<p>Ich habe gerade \u00fcber o.g. Buch gelesen und bin jetzt interessiert. Da ich wei\u00df, dass mein Lieblingsblogleser &#8222;kosteng\u00fcnstig&#8220; an Literatur kommt, w\u00e4re es lieb, wenn er es mir besorgen k\u00f6nnte. Ich habe doch schlie\u00dflich am 2.8. Geburtstag \ud83d\ude06 Es scheint irgendwie momentan in aller Munde, wei\u00df zwar nicht warum, aber ich m\u00f6chte mitreden k\u00f6nnen *gg* [&hellip;]<\/p>\n","protected":false},"author":1,"featured_media":0,"comment_status":"open","ping_status":"closed","sticky":false,"template":"","format":"standard","meta":{"footnotes":""},"categories":[1],"tags":[],"class_list":["post-274","post","type-post","status-publish","format-standard","hentry","category-unsortiert"],"_links":{"self":[{"href":"https:\/\/ostblog.tk\/index.php?rest_route=\/wp\/v2\/posts\/274","targetHints":{"allow":["GET"]}}],"collection":[{"href":"https:\/\/ostblog.tk\/index.php?rest_route=\/wp\/v2\/posts"}],"about":[{"href":"https:\/\/ostblog.tk\/index.php?rest_route=\/wp\/v2\/types\/post"}],"author":[{"embeddable":true,"href":"https:\/\/ostblog.tk\/index.php?rest_route=\/wp\/v2\/users\/1"}],"replies":[{"embeddable":true,"href":"https:\/\/ostblog.tk\/index.php?rest_route=%2Fwp%2Fv2%2Fcomments&post=274"}],"version-history":[{"count":0,"href":"https:\/\/ostblog.tk\/index.php?rest_route=\/wp\/v2\/posts\/274\/revisions"}],"wp:attachment":[{"href":"https:\/\/ostblog.tk\/index.php?rest_route=%2Fwp%2Fv2%2Fmedia&parent=274"}],"wp:term":[{"taxonomy":"category","embeddable":true,"href":"https:\/\/ostblog.tk\/index.php?rest_route=%2Fwp%2Fv2%2Fcategories&post=274"},{"taxonomy":"post_tag","embeddable":true,"href":"https:\/\/ostblog.tk\/index.php?rest_route=%2Fwp%2Fv2%2Ftags&post=274"}],"curies":[{"name":"wp","href":"https:\/\/api.w.org\/{rel}","templated":true}]}}