{"id":2406,"date":"2010-03-08T22:37:38","date_gmt":"2010-03-08T21:37:38","guid":{"rendered":"http:\/\/tnt.kilu.de\/?p=2406"},"modified":"2024-02-21T16:29:35","modified_gmt":"2024-02-21T15:29:35","slug":"bugra","status":"publish","type":"post","link":"https:\/\/ostblog.tk\/?p=2406","title":{"rendered":"Bugra"},"content":{"rendered":"<p>(Nein, ich habe mich nicht vertippt und es sollte nicht BuGa hei\u00dfen. Das R ist da schon richtig!)<\/p>\n<p><center><a href=\"\/wp-content\/Uploads\/geocaching\/bugra01.jpg\"><img decoding=\"async\" src=\"\/wp-content\/Uploads\/geocaching\/bugra01a.jpg\" alt=\"\"><\/a> <a href=\"\/wp-content\/Uploads\/geocaching\/bugra02.jpg\"><img decoding=\"async\" src=\"\/wp-content\/Uploads\/geocaching\/bugra02a.jpg\" alt=\"\"><\/a> <a href=\"\/wp-content\/Uploads\/geocaching\/bugra03.jpg\"><img decoding=\"async\" src=\"\/wp-content\/Uploads\/geocaching\/bugra03a.jpg\" alt=\"\"><\/a> <\/center><\/p>\n<p>Diese Abk\u00fcrzung stammt aus der Zeit als Leipzig noch eine bedeutende &#8222;B\u00fccherstadt&#8220; war. Es ist die Abk\u00fcrzung f\u00fcr die Internationale Ausstellung f\u00fcr Buchgewerbe und Graphik, welche von 1914-1994 in dieser Stadt veranstaltet wurde. Selbst in der DDR wurde diese Tradition fortgesetzt, nur die Wende \u00fcberlebte sie nicht unbeschadet.<\/p>\n<p><center><a href=\"\/wp-content\/Uploads\/geocaching\/bugra04.jpg\"><img decoding=\"async\" src=\"\/wp-content\/Uploads\/geocaching\/bugra04a.jpg\" alt=\"\"><\/a> <a href=\"\/wp-content\/Uploads\/geocaching\/bugra05.jpg\"><img decoding=\"async\" src=\"\/wp-content\/Uploads\/geocaching\/bugra05a.jpg\" alt=\"\"><\/a> <a href=\"\/wp-content\/Uploads\/geocaching\/bugra06.jpg\"><img decoding=\"async\" src=\"\/wp-content\/Uploads\/geocaching\/bugra06a.jpg\" alt=\"\"><\/a> <\/center><\/p>\n<p> Die letzte Weltausstellung f\u00fcr Buchgewerbe und Graphik, fand unter Abstinenz der gro\u00dfen westdeutschen Maschinenbauunternehmen und Branchenverb\u00e4nde 1993 statt. Die f\u00fcr den August 1994 geplante Ausstellung wurde vier Monate vor Messebeginn abgesagt. Und diese Bugra fand ab 1921 in den R\u00e4umen des Deutschen Buchgewerbehauses statt.<\/p>\n<p><center><a href=\"\/wp-content\/Uploads\/geocaching\/bugra07.jpg\"><img decoding=\"async\" src=\"\/wp-content\/Uploads\/geocaching\/bugra07a.jpg\" alt=\"\"><\/a> <a href=\"\/wp-content\/Uploads\/geocaching\/bugra08.jpg\"><img decoding=\"async\" src=\"\/wp-content\/Uploads\/geocaching\/bugra08a.jpg\" alt=\"\"><\/a> <a href=\"\/wp-content\/Uploads\/geocaching\/bugra09.jpg\"><img decoding=\"async\" src=\"\/wp-content\/Uploads\/geocaching\/bugra09a.jpg\" alt=\"\"><\/a> <\/center><\/p>\n<p>Und genau dieses h\u00fcbsche Neorenaissance-Geb\u00e4ude steht nun leer und verlassen&#8230; nun nicht ganz verlassen, ab und zu sind da ein ein paar &#8222;Verr\u00fcckte&#8220; und erkunden dieses recht gut erhaltene St\u00fcck deutscher Buchgeschichte. Und dabei benutzen sie alle m\u00f6glichen Fortbewegungsarten: entweder auf allen Vieren, mal im Entengang und ab und zu auch mal <a class=\"highslide\" onclick=\"return hs.expand(this)\" href=\"\/wp-content\/Uploads\/geocaching\/bugra13.jpg\"><font color=\"#ffa500\">robbend<\/font><\/a>  \ud83d\ude09 ! <\/p>\n<p><center><a href=\"\/wp-content\/Uploads\/geocaching\/bugra10.jpg\"><img decoding=\"async\" src=\"\/wp-content\/Uploads\/geocaching\/bugra10a.jpg\" alt=\"\"><\/a> <a href=\"\/wp-content\/Uploads\/geocaching\/bugra11.jpg\"><img decoding=\"async\" src=\"\/wp-content\/Uploads\/geocaching\/bugra11a.jpg\" alt=\"\"><\/a> <a href=\"\/wp-content\/Uploads\/geocaching\/bugra12.jpg\"><img decoding=\"async\" src=\"\/wp-content\/Uploads\/geocaching\/bugra12a.jpg\" alt=\"\"><\/a> <\/center><\/p>\n<p>Was f\u00fcr ein erlebnisreicher Tag! Und wie man auf den Bildern unschwer erkennen kann, hatten wir mal wieder im \u00fcblichen Team sehr viel Spa\u00df! <\/p>\n","protected":false},"excerpt":{"rendered":"<p>(Nein, ich habe mich nicht vertippt und es sollte nicht BuGa hei\u00dfen. Das R ist da schon richtig!) Diese Abk\u00fcrzung stammt aus der Zeit als Leipzig noch eine bedeutende &#8222;B\u00fccherstadt&#8220; war. Es ist die Abk\u00fcrzung f\u00fcr die Internationale Ausstellung f\u00fcr Buchgewerbe und Graphik, welche von 1914-1994 in dieser Stadt veranstaltet wurde. Selbst in der DDR [&hellip;]<\/p>\n","protected":false},"author":2,"featured_media":0,"comment_status":"open","ping_status":"closed","sticky":false,"template":"","format":"standard","meta":{"footnotes":""},"categories":[15],"tags":[],"class_list":["post-2406","post","type-post","status-publish","format-standard","hentry","category-geocaching"],"_links":{"self":[{"href":"https:\/\/ostblog.tk\/index.php?rest_route=\/wp\/v2\/posts\/2406","targetHints":{"allow":["GET"]}}],"collection":[{"href":"https:\/\/ostblog.tk\/index.php?rest_route=\/wp\/v2\/posts"}],"about":[{"href":"https:\/\/ostblog.tk\/index.php?rest_route=\/wp\/v2\/types\/post"}],"author":[{"embeddable":true,"href":"https:\/\/ostblog.tk\/index.php?rest_route=\/wp\/v2\/users\/2"}],"replies":[{"embeddable":true,"href":"https:\/\/ostblog.tk\/index.php?rest_route=%2Fwp%2Fv2%2Fcomments&post=2406"}],"version-history":[{"count":9,"href":"https:\/\/ostblog.tk\/index.php?rest_route=\/wp\/v2\/posts\/2406\/revisions"}],"predecessor-version":[{"id":3648,"href":"https:\/\/ostblog.tk\/index.php?rest_route=\/wp\/v2\/posts\/2406\/revisions\/3648"}],"wp:attachment":[{"href":"https:\/\/ostblog.tk\/index.php?rest_route=%2Fwp%2Fv2%2Fmedia&parent=2406"}],"wp:term":[{"taxonomy":"category","embeddable":true,"href":"https:\/\/ostblog.tk\/index.php?rest_route=%2Fwp%2Fv2%2Fcategories&post=2406"},{"taxonomy":"post_tag","embeddable":true,"href":"https:\/\/ostblog.tk\/index.php?rest_route=%2Fwp%2Fv2%2Ftags&post=2406"}],"curies":[{"name":"wp","href":"https:\/\/api.w.org\/{rel}","templated":true}]}}