{"id":240,"date":"2005-06-23T22:26:04","date_gmt":"2005-06-23T20:26:04","guid":{"rendered":"http:\/\/tnt.tn.ohost.de\/?p=240"},"modified":"2005-06-23T22:27:59","modified_gmt":"2005-06-23T20:27:59","slug":"mein-kampf-und-die-polen","status":"publish","type":"post","link":"https:\/\/ostblog.tk\/?p=240","title":{"rendered":"Mein Kampf und die Polen"},"content":{"rendered":"<p><span style=\"padding-right:10px;  float:left;\"><img loading=\"lazy\" decoding=\"async\" src=\"\/temp\/meinkampf.jpg\" width=\"65\" height=\"102\" alt=\"\" \/><\/span>In Polen geht es einem Verleger an den Kragen, der Anfang des Jahres Hitlers &#8222;Mein Kampf&#8220; mit einem antisemitischen und deutschfeindlichen Vorwort auf den Markt brachte. Doch die Staatsanwaltschaft ermittelt nicht etwa wegen Volksverhetzung. Es geht um die Urheberrechte des Autors, die heute beim Freistaat Bayern liegen. Die Alliierten hatten das Urheberpers\u00f6nlichkeitsrecht nach der Beschlagnahmung des Hitlerschen Verm\u00f6gens auf den Freistaat Bayern \u00fcbertragen, da der Diktator bis zu seinem Tod am 30. April 1945 mit Wohnsitz am Prinzregentenplatz 16 in M\u00fcnchen gemeldet war. Auch die Verwertungsrechte des Eher-Verlages, des Zentralverlags der NSDAP, wurden auf den Freistaat \u00fcbertragen, da der Verlagssitz in M\u00fcnchen war. [<a target=\"_blank\" href=\"http:\/\/www.spiegel.de\/politik\/ausland\/0,1518,361691,00.html\">SpOn<\/a>]<\/p>\n<p>Hier erf\u00fcllen sich ja gleich 2 Klischees, zum einen das des diebischen Polen und zum anderen das der deutschen Gr\u00fcndlichkeit. Ich fand es zum Schmunzeln \ud83d\ude42<\/p>\n<p style=\"clear:left\">\n","protected":false},"excerpt":{"rendered":"<p>In Polen geht es einem Verleger an den Kragen, der Anfang des Jahres Hitlers &#8222;Mein Kampf&#8220; mit einem antisemitischen und deutschfeindlichen Vorwort auf den Markt brachte. Doch die Staatsanwaltschaft ermittelt nicht etwa wegen Volksverhetzung. Es geht um die Urheberrechte des Autors, die heute beim Freistaat Bayern liegen. Die Alliierten hatten das Urheberpers\u00f6nlichkeitsrecht nach der Beschlagnahmung [&hellip;]<\/p>\n","protected":false},"author":1,"featured_media":0,"comment_status":"open","ping_status":"closed","sticky":false,"template":"","format":"standard","meta":{"footnotes":""},"categories":[1],"tags":[],"class_list":["post-240","post","type-post","status-publish","format-standard","hentry","category-unsortiert"],"_links":{"self":[{"href":"https:\/\/ostblog.tk\/index.php?rest_route=\/wp\/v2\/posts\/240","targetHints":{"allow":["GET"]}}],"collection":[{"href":"https:\/\/ostblog.tk\/index.php?rest_route=\/wp\/v2\/posts"}],"about":[{"href":"https:\/\/ostblog.tk\/index.php?rest_route=\/wp\/v2\/types\/post"}],"author":[{"embeddable":true,"href":"https:\/\/ostblog.tk\/index.php?rest_route=\/wp\/v2\/users\/1"}],"replies":[{"embeddable":true,"href":"https:\/\/ostblog.tk\/index.php?rest_route=%2Fwp%2Fv2%2Fcomments&post=240"}],"version-history":[{"count":0,"href":"https:\/\/ostblog.tk\/index.php?rest_route=\/wp\/v2\/posts\/240\/revisions"}],"wp:attachment":[{"href":"https:\/\/ostblog.tk\/index.php?rest_route=%2Fwp%2Fv2%2Fmedia&parent=240"}],"wp:term":[{"taxonomy":"category","embeddable":true,"href":"https:\/\/ostblog.tk\/index.php?rest_route=%2Fwp%2Fv2%2Fcategories&post=240"},{"taxonomy":"post_tag","embeddable":true,"href":"https:\/\/ostblog.tk\/index.php?rest_route=%2Fwp%2Fv2%2Ftags&post=240"}],"curies":[{"name":"wp","href":"https:\/\/api.w.org\/{rel}","templated":true}]}}