{"id":197,"date":"2005-06-02T20:30:21","date_gmt":"2005-06-02T18:30:21","guid":{"rendered":"http:\/\/tnt.tn.ohost.de\/?p=197"},"modified":"2005-06-03T00:09:50","modified_gmt":"2005-06-02T22:09:50","slug":"bild-terror","status":"publish","type":"post","link":"https:\/\/ostblog.tk\/?p=197","title":{"rendered":"Bild-Terror"},"content":{"rendered":"<p><span style=\"padding-right:10px;  float:left;\"><img loading=\"lazy\" decoding=\"async\" src=\"\/temp\/bildafrika.jpg\" width=\"135\" height=\"99\" alt=\"\" \/><\/span>This made my Day \ud83d\ude0e &#8230;..Als ich die \u00c3\u0153berschrift &#8222;Bild unter Terrorverdacht&#8220; gelesen habe, dachte ich nur so bei mir: &#8222;Endlich spricht es einer aus, endlich zerren sie die Verantwortlichen vor den Kadi. Nun ist es soweit, wir d\u00fcrfen sie auf den Marktplatz stellen, anprangern und zum Schlu\u00df steinigen&#8220;. Nun, aber irgendwie ging es um etwas anderes, das Blatt wird nicht wegen seiner Verbrechen an der Menschheit angeklagt, sondern nur, weil ein armer alter Diktator aD keinen Unterw\u00e4schegeschmack hat und in aller \u00c3\u2013ffentlichkeit seine Feinrippbuchsen zur Schau tr\u00e4gt. Das Blogbild hat \u00fcbrigens nichts damit zu tun, ich fand es einfach nur lustig.<\/p>\n<p> Wegen des &#8222;Verdachts der Unterst\u00fctzung terroristischer Vereinigungen&#8220; hat der Hamburger Anwalt Bernd Rosenkranz die &#8222;Bild&#8220;-Zeitung angezeigt. Grund: Das Foto des irakischen Ex-Diktators Saddam Hussein in Unterhosen, das am 21. Mai die halbe Titelseite der &#8222;Bild&#8220; gef\u00fcllt hatte. <\/p>\n<p>Juristisch unorthodox, aber raffiniert begr\u00fcndet wirft Rosenkranz dem Springer-Blatt vor, &#8222;mit der Verbreitung dieses Photos bewusst in Kauf zu nehmen, dass sich im Irak t\u00e4tige aufst\u00e4ndische Kampfeinheiten, welche die Kriterien terroristischer Vereinigungen unfraglich erf\u00fcllen d\u00fcrften, sich durch die Verbreitung des von ihnen als zutiefst entw\u00fcrdigen empfundenen Photos ihres fr\u00fcheren Herrschers in ihrem Tun best\u00e4rkt sehen und ihre todbringenden Anschl\u00e4ge neu motiviert fortsetzen&#8220;.[<a target=\"_blank\" href=\"http:\/\/www.stern.de\/politik\/panorama\/index.html?id=541237&#038;nv=shns_hp\">stern.de<\/a>]<\/p>\n<p style=\"clear:left\">\n","protected":false},"excerpt":{"rendered":"<p>This made my Day \ud83d\ude0e &#8230;..Als ich die \u00c3\u0153berschrift &#8222;Bild unter Terrorverdacht&#8220; gelesen habe, dachte ich nur so bei mir: &#8222;Endlich spricht es einer aus, endlich zerren sie die Verantwortlichen vor den Kadi. Nun ist es soweit, wir d\u00fcrfen sie auf den Marktplatz stellen, anprangern und zum Schlu\u00df steinigen&#8220;. Nun, aber irgendwie ging es um [&hellip;]<\/p>\n","protected":false},"author":1,"featured_media":0,"comment_status":"open","ping_status":"closed","sticky":false,"template":"","format":"standard","meta":{"footnotes":""},"categories":[1],"tags":[],"class_list":["post-197","post","type-post","status-publish","format-standard","hentry","category-unsortiert"],"_links":{"self":[{"href":"https:\/\/ostblog.tk\/index.php?rest_route=\/wp\/v2\/posts\/197","targetHints":{"allow":["GET"]}}],"collection":[{"href":"https:\/\/ostblog.tk\/index.php?rest_route=\/wp\/v2\/posts"}],"about":[{"href":"https:\/\/ostblog.tk\/index.php?rest_route=\/wp\/v2\/types\/post"}],"author":[{"embeddable":true,"href":"https:\/\/ostblog.tk\/index.php?rest_route=\/wp\/v2\/users\/1"}],"replies":[{"embeddable":true,"href":"https:\/\/ostblog.tk\/index.php?rest_route=%2Fwp%2Fv2%2Fcomments&post=197"}],"version-history":[{"count":0,"href":"https:\/\/ostblog.tk\/index.php?rest_route=\/wp\/v2\/posts\/197\/revisions"}],"wp:attachment":[{"href":"https:\/\/ostblog.tk\/index.php?rest_route=%2Fwp%2Fv2%2Fmedia&parent=197"}],"wp:term":[{"taxonomy":"category","embeddable":true,"href":"https:\/\/ostblog.tk\/index.php?rest_route=%2Fwp%2Fv2%2Fcategories&post=197"},{"taxonomy":"post_tag","embeddable":true,"href":"https:\/\/ostblog.tk\/index.php?rest_route=%2Fwp%2Fv2%2Ftags&post=197"}],"curies":[{"name":"wp","href":"https:\/\/api.w.org\/{rel}","templated":true}]}}