{"id":1051,"date":"2007-12-08T01:48:47","date_gmt":"2007-12-08T00:48:47","guid":{"rendered":"http:\/\/tnt.tn.ohost.de\/?p=1051"},"modified":"2007-12-08T01:55:20","modified_gmt":"2007-12-08T00:55:20","slug":"licht-an-aber-richtig-damit-das-klima-nicht-bild-uberlassen-bleibt","status":"publish","type":"post","link":"https:\/\/ostblog.tk\/?p=1051","title":{"rendered":"&#8222;Licht an &#8211; aber richtig!&#8220; Damit das Klima nicht BILD \u00fcberlassen bleibt"},"content":{"rendered":"<p>Folgendes bekam ich gerade von der Goettine per Mail weitergeleitet. Da ich es f\u00fcr verbreitenswert halte, gibts den Inhalt an dieser Stelle&#8230; Vorweg aber mal eins, Google in schwarz gef\u00e4llt mir wirklich sehr gut! Und wenn man dar\u00fcber nachdenkt, dass der wei\u00dfe Hintergrund von Google wirklich mehr Strom verbraucht als der schwarze, ist es echt sinnvoll. Zumindest k\u00f6nnten sie einem die Wahl selbst \u00fcberlassen&#8230; ich w\u00fcrde schwarz w\u00e4hlen, mal ganz entgegen meiner politischen Einstellung \ud83d\ude44<\/p>\n<p><center><img loading=\"lazy\" decoding=\"async\" src=\"\/temp\/Blackgoogle.jpg\" width=\"250\" height=\"136\" alt=\"\" \/><\/center><\/br><\/p>\n<p>Die BILD-Zeitung ist angetreten, das Klima zu retten. Und wer h\u00e4tte gedacht, dass es so einfach ist: F\u00fcr 5 Minuten soll in derBundesrepublik am Abend des 8. Dezember das Licht ausgehen, als &#8222;eindringliche Mahnung, die national und international zu mehr Klimaschutz aufruft&#8220;. Mehr zu dieser Aktion &#8222;Licht aus&#8220;, die in Kooperation von BILD mit dem WWF, Greenpeace, BUND, google und Pro Sieben stattfindet unter: <a target=\"_blank\" href=\"http:\/\/www.lichtaus.info\">lichtaus.info<\/a> Toll, wer alles mitmacht: BMW, Mercedes-Benz und Porsche beispielsweise,das sind die mit den besonders klimaschonenden Autos, oder Evonik, die Ex-Steag, die gerade in Duisburg, L\u00fcnen und Herne drei neue Steinkohlekraftwerke bauen will. Alle machen sie 5 Minuten das Licht aus.<\/p>\n<p><!--more--><\/p>\n<p>Am 8.12. ist internationaler Klimaaktionstag. Die Umweltbewegung ruft weltweit zu Protesten auf, um Regierungen und Wirtschaftsunternehmen zum Umdenken zu bringen, aber auch, um den Menschen auf der Erde klarzumachen, dass es politischen Druck und eigenes konsequentes Handeln braucht, damit sich wirklich was bewegt. M\u00f6glicherweise macht die Aktion von BILD und Partnern am 8.12. mehr Schlagzeilen, als alle diese Demonstrationen zusammen. Uns hat dieserWiderspruch keine Ruhe gelassen und wir haben \u00fcberlegt, was die Menschen tun k\u00f6nnen, um den Klimaschutz wirklich voranzubringen &#8211; w\u00e4hrend, vor und nach diesen 5 Minuten. So ist sehr spontan die Aktion &#8222;Licht an &#8211; aber richtig!&#8220; entstanden. Und auch hier tritt eine ganze Kooperation aus Medien und Organisationen an: <\/p>\n<p>&#8211; taz, die tageszeitung<br \/>\n&#8211; jetzt.de, Jugendplattform der S\u00fcddeutschen Zeitung<br \/>\n&#8211; Naturschutzbund NABU<br \/>\n&#8211; attac- campact<br \/>\n&#8211; Robin Wood<br \/>\n&#8211; Gr\u00fcne Liga<br \/>\n&#8211; und die Autoren des Buches &#8222;Wir Klimaretter&#8220; <\/p>\n<p>Wir wollen die Menschen motivieren, deutlich mehr zu tun, als 5 MinutenLicht aus f\u00fcrs Weltklima. Wir wollen den Protest st\u00e4rken, die pers\u00f6nliche Energiewende im Haushalt und den Abschied von den vier gro\u00dfen Stromkonzernen. Deshalb gibt es jetzt eine der BILD-Aktion nur auf den ersten Blick \u00e4hnliche Webseite. Sie hei\u00dft <a target=\"_blank\" href=\"http:\/\/www.licht-an.info\">www.licht-an.info<\/a> Schaut sie Euch an und macht mit! Und vor allem: Leitet diese E-Mail bitte an alle Menschen weiter, von denen Ihr glaubt, dass sie mehr wollen und mehr k\u00f6nnen, als den Lichtschalter zu bet\u00e4tigen, um diese Erde zu retten. Z\u00fcnden wir gemeinsam eine E-Mail- und Aktions-Lawine f\u00fcr mehr Klimaschutz!<\/p>\n","protected":false},"excerpt":{"rendered":"<p>Folgendes bekam ich gerade von der Goettine per Mail weitergeleitet. Da ich es f\u00fcr verbreitenswert halte, gibts den Inhalt an dieser Stelle&#8230; Vorweg aber mal eins, Google in schwarz gef\u00e4llt mir wirklich sehr gut! Und wenn man dar\u00fcber nachdenkt, dass der wei\u00dfe Hintergrund von Google wirklich mehr Strom verbraucht als der schwarze, ist es echt [&hellip;]<\/p>\n","protected":false},"author":1,"featured_media":0,"comment_status":"open","ping_status":"closed","sticky":false,"template":"","format":"standard","meta":{"footnotes":""},"categories":[10],"tags":[],"class_list":["post-1051","post","type-post","status-publish","format-standard","hentry","category-nutzlich"],"_links":{"self":[{"href":"https:\/\/ostblog.tk\/index.php?rest_route=\/wp\/v2\/posts\/1051","targetHints":{"allow":["GET"]}}],"collection":[{"href":"https:\/\/ostblog.tk\/index.php?rest_route=\/wp\/v2\/posts"}],"about":[{"href":"https:\/\/ostblog.tk\/index.php?rest_route=\/wp\/v2\/types\/post"}],"author":[{"embeddable":true,"href":"https:\/\/ostblog.tk\/index.php?rest_route=\/wp\/v2\/users\/1"}],"replies":[{"embeddable":true,"href":"https:\/\/ostblog.tk\/index.php?rest_route=%2Fwp%2Fv2%2Fcomments&post=1051"}],"version-history":[{"count":0,"href":"https:\/\/ostblog.tk\/index.php?rest_route=\/wp\/v2\/posts\/1051\/revisions"}],"wp:attachment":[{"href":"https:\/\/ostblog.tk\/index.php?rest_route=%2Fwp%2Fv2%2Fmedia&parent=1051"}],"wp:term":[{"taxonomy":"category","embeddable":true,"href":"https:\/\/ostblog.tk\/index.php?rest_route=%2Fwp%2Fv2%2Fcategories&post=1051"},{"taxonomy":"post_tag","embeddable":true,"href":"https:\/\/ostblog.tk\/index.php?rest_route=%2Fwp%2Fv2%2Ftags&post=1051"}],"curies":[{"name":"wp","href":"https:\/\/api.w.org\/{rel}","templated":true}]}}